{"id":1453,"date":"2011-02-03T23:38:03","date_gmt":"2011-02-03T22:38:03","guid":{"rendered":"http:\/\/www.ruegen-birkenhof.de\/wp\/?p=1453"},"modified":"2016-11-13T09:42:42","modified_gmt":"2016-11-13T08:42:42","slug":"fruhlingsarrangement-3","status":"publish","type":"post","link":"https:\/\/www.ruegen-birkenhof.de\/?p=1453","title":{"rendered":"Fr\u00fchlingsarrangement"},"content":{"rendered":"<h2 style=\"text-align: justify;\"><\/h2>\n<p>&nbsp;<\/p>\n<h4 style=\"text-align: center;\">&#8212;&#8212;&#8212;&#8212;&#8212;&#8212;&#8212;&#8212;&#8212;&#8212;&#8212;&#8212;&#8212;&#8212;&#8212;&#8212;&#8212;&#8212;&#8212;&#8212;&#8212;&#8212;&#8212;&#8212;&#8212;&#8212;&#8212;&#8212;&#8212;&#8212;&#8212;&#8212;&#8212;&#8212;&#8211;<\/h4>\n<h6 style=\"text-align: left;\"><img loading=\"lazy\" decoding=\"async\" class=\"alignleft wp-image-872\" style=\"border: 0pt none; margin: 2px 20px;\" title=\"osterarrangement\" src=\"http:\/\/www.ruegen-birkenhof.de\/wp\/wp-content\/uploads\/2009\/11\/osterarrangement.jpg\" alt=\"osterarrangement\" width=\"181\" height=\"214\" srcset=\"https:\/\/www.ruegen-birkenhof.de\/wp\/wp-content\/uploads\/2009\/11\/osterarrangement.jpg 300w, https:\/\/www.ruegen-birkenhof.de\/wp\/wp-content\/uploads\/2009\/11\/osterarrangement-253x300.jpg 253w\" sizes=\"(max-width: 181px) 100vw, 181px\" \/>\u00a0<span style=\"color: #00ff00;\"><span style=\"text-decoration: underline;\">Fr\u00fchlingserwachen am Meer :<\/span>\u00a0<\/span>\u00a0 <span style=\"color: #000000;\">Sicher, die Fr\u00fchlingsboten zeigen sich auf R\u00fcgen etwas sp\u00e4ter. Doch daf\u00fcr erleben Sie diese sch\u00f6ne Jahreszeit hier auf R\u00fcgen umso intensiver. Das frische Gr\u00fcn der alten Buchenw\u00e4lder, dazu ein wei\u00dfes Meer von Anemonen und die blaue Ostsee sind nur drei Farben, in denen sich der Fr\u00fchling auf R\u00fcgen seinen Besuchern pr\u00e4sentiert. \u00a0 \u00a0 \u00a0 \u00a0 \u00a0 \u00a0 \u00a0 \u00a0 \u00a0 \u00a0 \u00a0 \u00a0 \u00a0 \u00a0 \u00a0 \u00a0 \u00a0 \u00a0 \u00a0 \u00a0 \u00a0 \u00a0 \u00a0 \u00a0 \u00a0 \u00a0 <\/span>\u00a0 \u00a0 \u00a0 \u00a0<span style=\"color: #00ff00;\"><span style=\"text-decoration: underline;\">Unser Angebot f\u00fcr Sie<\/span>:<\/span>\u00a0 \u00a0<span style=\"color: #000000;\">7 \u00dcbernachtungen inklusive individuell reichhaltiges Fr\u00fchst\u00fcck, t\u00e4gliches Schlemmermen\u00fc zur Auswahl sowie ein t\u00e4gliches Kaffeegedeck \u00a0 \u00a0 \u00a0 \u00a0 \u00a0 \u00a0 \u00a0 \u00a0 \u00a0 \u00a0 \u00a0 \u00a0<\/span> \u00a0 \u00a0 \u00a0 \u00a0 \u00a0 \u00a0 \u00a0 \u00a0 \u00a0 \u00a0 \u00a0 \u00a0 \u00a0 \u00a0 \u00a0<span style=\"text-decoration: underline; color: #00ff00;\">Buchbar vom: <\/span>\u00a0<span style=\"color: #000000;\">18.03. &#8211; 11.04. und<strong> 19.04. &#8211; 30.04. 2017 \u00a0 \u00a0 \u00a0 \u00a0 \u00a0 \u00a0 \u00a0 \u00a0 \u00a0 \u00a0 \u00a0 \u00a0 \u00a0 \u00a0 \u00a0 \u00a0 \u00a0 \u00a0 \u00a0 \u00a0 \u00a0 \u00a0 \u00a0 \u00a0 \u00a0 \u00a0 \u00a0 \u00a0 \u00a0 \u00a0 \u00a0 \u00a0 \u00a0 \u00a0 \u00a0 \u00a0 \u00a0 \u00a0 \u00a0 \u00a0 \u00a0 \u00a0 \u00a0 \u00a0 \u00a0 \u00a0 \u00a0 \u00a0 \u00a0 \u00a0 \u00a0 Doppelzimmer Komfort f\u00fcr 2 Personen\u00a0 nur 693,00 \u00a0Euro \u00a0 \u00a0 \u00a0 \u00a0 \u00a0 \u00a0 \u00a0 \u00a0 \u00a0 \u00a0 \u00a0 \u00a0 \u00a0 \u00a0 \u00a0 \u00a0 \u00a0 \u00a0 \u00a0 \u00a0 \u00a0 \u00a0 \u00a0 \u00a0 \u00a0 \u00a0 \u00a0 \u00a0 \u00a0 \u00a0 \u00a0 \u00a0 \u00a0 \u00a0 \u00a0 \u00a0 \u00a0 \u00a0 \u00a0 \u00a0 \u00a0 \u00a0 \u00a0 \u00a0 \u00a0 \u00a0 Einzelzimmer nur 385,00 Euro \u00a0 \u00a0 \u00a0 \u00a0 \u00a0 \u00a0 \u00a0 \u00a0 \u00a0 \u00a0 \u00a0 \u00a0 \u00a0 \u00a0\u00a0<\/strong><\/span><\/h6>\n<h2>\u00a0 \u00a0 \u00a0 \u00a0 \u00a0 \u00a0 \u00a0 \u00a0&#8212;&#8212;&#8212;&#8212;&#8212;&#8212;&#8212;&#8212;&#8212;&#8212;&#8212;&#8212;&#8212;&#8212;&#8212;&#8212;&#8212;&#8212;&#8212;&#8212;&#8212;&#8212;&#8212;&#8212;&#8212;&#8212;&#8212;-<\/h2>\n<h6><span style=\"color: #00ff00;\">\u00a0<span style=\"text-decoration: underline;\">Reif f\u00fcr die Insel im Fr\u00fchjahr auf R<img loading=\"lazy\" decoding=\"async\" class=\"alignleft wp-image-598\" src=\"http:\/\/www.ruegen-birkenhof.de\/wp\/wp-content\/uploads\/2009\/11\/havin-am-abend-300x200.jpg\" width=\"209\" height=\"139\" srcset=\"https:\/\/www.ruegen-birkenhof.de\/wp\/wp-content\/uploads\/2009\/11\/havin-am-abend-300x200.jpg 300w, https:\/\/www.ruegen-birkenhof.de\/wp\/wp-content\/uploads\/2009\/11\/havin-am-abend.jpg 900w\" sizes=\"(max-width: 209px) 100vw, 209px\" \/><\/span><\/span><span style=\"color: #00ff00;\"><span style=\"text-decoration: underline;\">\u00fcgen\u00a0:<\/span> \u00a0 <\/span><span style=\"color: #000000;\">Dann kommen Sie doch zu uns nach Baabe! Eine kleine Flucht aus dem \u00a0Alltag, da bietet sich R\u00fcgen mit seinen W\u00e4ldern und Str\u00e4nden, \u00a0den herrlichen Alleen und alten Villen geradezu an. \u00a0 \u00a0 \u00a0 \u00a0 \u00a0 \u00a0 \u00a0 \u00a0 \u00a0 \u00a0 \u00a0 <\/span>\u00a0 \u00a0 \u00a0<span style=\"text-decoration: underline;\"><span style=\"color: #00ff00; text-decoration: underline;\">Unser Angebot f\u00fcr Sie:<\/span><\/span><span style=\"color: #000000;\">\u00a0 3\u00a0\u00dcbernachtungen inklusive individuell reichhaltiges Fr\u00fchst\u00fcck, ein romantisches Dinner zu zweit sowie eine 0,75 l Flasche Mineralwasser auf dem Zimmer \u00a0 \u00a0 \u00a0 \u00a0 \u00a0 \u00a0 \u00a0 \u00a0 \u00a0 \u00a0 \u00a0 \u00a0 \u00a0 \u00a0 \u00a0<span style=\"text-decoration: underline;\"><span style=\"color: #00ff00; text-decoration: underline;\">Buchbar vom:<\/span><\/span>\u00a0 18.03. &#8211; 11.04. und<strong> 19.04. &#8211; 30.04. 2017 \u00a0 \u00a0 \u00a0 \u00a0 \u00a0 \u00a0 \u00a0 \u00a0 \u00a0 \u00a0 \u00a0 \u00a0 \u00a0 \u00a0 \u00a0 \u00a0 \u00a0 \u00a0 \u00a0 \u00a0 \u00a0 \u00a0 \u00a0 \u00a0 \u00a0 \u00a0 \u00a0 \u00a0 \u00a0 \u00a0 \u00a0 \u00a0 \u00a0 \u00a0 \u00a0 \u00a0 \u00a0 \u00a0 \u00a0 \u00a0 \u00a0 \u00a0 \u00a0 \u00a0 \u00a0 \u00a0 \u00a0 \u00a0 \u00a0 \u00a0 \u00a0 Doppelzimmer Komfort f\u00fcr 2 Personen\u00a0 nur 239\u00a0 Euro \u00a0 \u00a0<\/strong><\/span><\/h6>\n<h2>\u00a0 \u00a0 \u00a0 \u00a0 \u00a0 \u00a0 \u00a0 \u00a0&#8212;&#8212;&#8212;&#8212;&#8212;&#8212;&#8212;&#8212;&#8212;&#8212;&#8212;&#8212;&#8212;&#8212;&#8212;&#8212;&#8212;&#8212;&#8212;&#8212;&#8212;&#8212;&#8212;&#8212;&#8212;&#8212;&#8212;-<\/h2>\n<h6><a href=\"http:\/\/www.ruegen-birkenhof.de\/wp\/wp-content\/uploads\/2011\/01\/rapsbluete-birkenhof.jpg\" rel=\"attachment wp-att-1790\"><img loading=\"lazy\" decoding=\"async\" class=\"alignleft wp-image-1790\" src=\"http:\/\/www.ruegen-birkenhof.de\/wp\/wp-content\/uploads\/2011\/01\/rapsbluete-birkenhof-300x201.jpg\" alt=\"rapsbluete-birkenhof\" width=\"203\" height=\"136\" \/><\/a><strong><span style=\"color: #00ff00;\"><span style=\"text-decoration: underline;\">Kleine Auszeit<\/span><\/span><span style=\"text-decoration: underline;\">\u00a0:<\/span><span style=\"color: #00ff00;\">\u00a0 <\/span><span style=\"color: #000000;\">Stress im Alltag und im Beruf machen es heut zu Tage notwendig, sich kleine Auszeiten\u00a0zu nehmen. Warum nicht bei uns? G\u00f6nnen Sie sich ein wenig Ruhe und genie\u00dfen Sie Ihre Zeit miteinander ohne Verpflichtungen! \u00a0 \u00a0 \u00a0 \u00a0 \u00a0 \u00a0 \u00a0 \u00a0 \u00a0 \u00a0 \u00a0 \u00a0 \u00a0 \u00a0 \u00a0 \u00a0 \u00a0 \u00a0 \u00a0 \u00a0 \u00a0 \u00a0 \u00a0 \u00a0 \u00a0 \u00a0<span style=\"text-decoration: underline;\"><span style=\"color: #00ff00; text-decoration: underline;\">Unser Angebot f\u00fcr Sie:\u00a0<\/span><\/span>\u00a04<span style=\"color: #00ff00;\">\u00a0<span style=\"color: #000000;\">\u00dcbernachtungen inklusive unserer Verw\u00f6hnhalbpension, eine 20 min\u00fctige Entspannungsmassage und ein Lunchpaket f\u00fcr eine ausgiebige Strandwanderung\u00a0 \u00a0 \u00a0<\/span> \u00a0 \u00a0 \u00a0 \u00a0 \u00a0 <\/span><span style=\"color: #00ff00;\"><span style=\"text-decoration: underline;\"><span style=\"color: #00ff00; text-decoration: underline;\">Buchbar vom:<\/span><\/span>\u00a0 <span style=\"color: #000000;\">18.03. &#8211; 11.04. und<\/span><\/span><span style=\"color: #00ff00;\"><span style=\"color: #000000;\"> 19.04. &#8211; 30.04. 2017 \u00a0 \u00a0 \u00a0 \u00a0 \u00a0 \u00a0 \u00a0 \u00a0 \u00a0 \u00a0 \u00a0 \u00a0 \u00a0 \u00a0 \u00a0 \u00a0 \u00a0 \u00a0 \u00a0 \u00a0 \u00a0 \u00a0 \u00a0 \u00a0 \u00a0 \u00a0 \u00a0 \u00a0 \u00a0 \u00a0 \u00a0 \u00a0 \u00a0 \u00a0 \u00a0 \u00a0 \u00a0 \u00a0 \u00a0 \u00a0 \u00a0 \u00a0 \u00a0 \u00a0 \u00a0 \u00a0 \u00a0 \u00a0 \u00a0 \u00a0 \u00a0Doppelzimmer Komfort f\u00fcr 2 Personen\u00a0 nur 429,00\u00a0 Euro \u00a0 \u00a0<\/span> \u00a0 \u00a0 \u00a0 \u00a0 \u00a0 \u00a0 \u00a0 \u00a0 \u00a0 \u00a0 \u00a0 \u00a0 \u00a0 \u00a0 \u00a0 \u00a0 \u00a0 \u00a0 \u00a0 \u00a0 \u00a0 \u00a0 \u00a0 \u00a0 \u00a0 \u00a0 \u00a0 \u00a0 \u00a0 \u00a0 \u00a0 \u00a0 \u00a0 \u00a0 \u00a0 \u00a0 \u00a0 \u00a0 \u00a0 \u00a0 \u00a0 \u00a0 \u00a0 \u00a0\u00a0<span style=\"text-decoration: underline;\"><span style=\"color: #00ff00; text-decoration: underline;\">Buchbar vom:<\/span><\/span>\u00a0 <span style=\"color: #000000;\">01.05. &#8211; 22.05.2017 \u00a0 \u00a0 \u00a0 \u00a0 \u00a0 \u00a0 \u00a0 \u00a0 \u00a0 \u00a0 \u00a0 \u00a0 \u00a0 \u00a0 \u00a0 \u00a0 \u00a0 \u00a0 \u00a0 \u00a0 \u00a0 \u00a0 \u00a0 \u00a0 \u00a0 \u00a0 \u00a0 \u00a0 \u00a0 \u00a0 \u00a0 \u00a0 \u00a0 \u00a0 \u00a0 \u00a0 \u00a0 \u00a0 \u00a0 \u00a0 \u00a0 \u00a0 \u00a0 \u00a0 \u00a0 \u00a0 \u00a0 \u00a0 \u00a0 \u00a0 \u00a0 \u00a0 \u00a0 \u00a0 \u00a0 \u00a0 \u00a0 \u00a0 \u00a0 \u00a0 \u00a0 \u00a0 \u00a0 \u00a0 \u00a0 \u00a0 \u00a0 \u00a0 Doppelzimmer Komfort f\u00fcr 2 Personen\u00a0 nur 501,00\u00a0 Euro<\/span><\/span><\/span><\/strong><\/h6>\n<h2>\u00a0 \u00a0 \u00a0 \u00a0 \u00a0 \u00a0 \u00a0 \u00a0 &#8212;&#8212;&#8212;&#8212;&#8212;&#8212;&#8212;&#8212;&#8212;&#8212;&#8212;&#8212;&#8212;&#8212;&#8212;&#8212;&#8212;&#8212;&#8212;&#8212;&#8212;&#8212;&#8212;&#8212;&#8212;&#8212;&#8212;-<\/h2>\n<h6><strong><img loading=\"lazy\" decoding=\"async\" class=\"alignleft wp-image-379 \" src=\"http:\/\/www.ruegen-birkenhof.de\/wp\/wp-content\/uploads\/2009\/11\/strand_baabe-300x206.jpg\" alt=\"strand_baabe\" width=\"204\" height=\"140\" srcset=\"https:\/\/www.ruegen-birkenhof.de\/wp\/wp-content\/uploads\/2009\/11\/strand_baabe-300x206.jpg 300w, https:\/\/www.ruegen-birkenhof.de\/wp\/wp-content\/uploads\/2009\/11\/strand_baabe.jpg 900w\" sizes=\"(max-width: 204px) 100vw, 204px\" \/><span style=\"color: #00ff00;\"><span style=\"text-decoration: underline;\">Endlich Urlaub<\/span>:<\/span><span style=\"color: #00ff00;\">\u00a0\u00a0<span style=\"color: #000000;\">Geschafft!!! Endlich Urlaub. Lassen Sie sich in unserem kleinen Hotel in famili\u00e4rer Atmosph\u00e4re verw\u00f6hnen. Ob Aktivurlaub oder die Seele baumeln lassen f\u00fcr alle die kleine Hotels m\u00f6gen, sind wir die richtige Adresse. \u00a0 \u00a0 \u00a0 \u00a0 \u00a0 \u00a0 \u00a0 \u00a0 \u00a0 \u00a0 \u00a0 \u00a0 \u00a0 \u00a0 \u00a0 \u00a0 \u00a0 \u00a0 \u00a0 \u00a0 \u00a0 <span style=\"text-decoration: underline;\"><span style=\"color: #00ff00; text-decoration: underline;\">Unser Angebot f\u00fcr Sie:\u00a0<\/span><\/span>\u00a014\u00a0\u00dcbernachtungen inklusive individuelles Fr\u00fchst\u00fcck sowie Schlemmermen\u00fcwahl\u00a0zur Auswahl \u00a0 \u00a0 \u00a0 \u00a0 \u00a0 \u00a0 \u00a0 \u00a0 \u00a0 \u00a0 \u00a0 \u00a0 <\/span><\/span><\/strong><strong><span style=\"color: #00ff00;\"><span style=\"color: #000000;\">buche 14 &#8211; zahle 13 Tage\u00a0<\/span><\/span><\/strong><strong><span style=\"color: #00ff00;\"><span style=\"color: #000000;\">\u00a0 \u00a0 \u00a0 \u00a0 \u00a0 \u00a0 \u00a0 \u00a0 \u00a0 \u00a0 \u00a0 \u00a0 \u00a0 \u00a0 \u00a0 \u00a0 \u00a0 \u00a0 \u00a0 \u00a0 \u00a0 \u00a0 \u00a0 \u00a0 \u00a0 \u00a0 \u00a0 \u00a0 \u00a0 \u00a0 \u00a0 \u00a0 \u00a0 \u00a0 \u00a0 \u00a0 \u00a0 \u00a0 \u00a0 <span style=\"text-decoration: underline;\"><span style=\"color: #00ff00; text-decoration: underline;\"><br \/>\nBuchbar vom:<\/span><\/span>\u00a0 01.05. &#8211; 23.05.2017 \u00a0Doppelzimmer <img loading=\"lazy\" decoding=\"async\" class=\"alignleft wp-image-524\" src=\"http:\/\/www.ruegen-birkenhof.de\/wp\/wp-content\/uploads\/2009\/11\/luftbild-baabe-300x193.jpg\" alt=\"luftbild-baabe\" width=\"200\" height=\"129\" srcset=\"https:\/\/www.ruegen-birkenhof.de\/wp\/wp-content\/uploads\/2009\/11\/luftbild-baabe-300x193.jpg 300w, https:\/\/www.ruegen-birkenhof.de\/wp\/wp-content\/uploads\/2009\/11\/luftbild-baabe.jpg 500w\" sizes=\"(max-width: 200px) 100vw, 200px\" \/>Komfort \u00a0 \u00a0 \u00a0 \u00a0 \u00a0 \u00a0 \u00a0 \u00a0 \u00a0f\u00fcr 2 Personen statt 1694,00\u00a0 Euro nur 1573,00 Euro \u00a0 \u00a0 \u00a0 \u00a0 \u00a0 \u00a0 \u00a0 \u00a0 \u00a0 \u00a0 \u00a0 \u00a0 \u00a0 \u00a0 \u00a0<\/span><\/span><\/strong><strong><span style=\"color: #000000;\"><span style=\"text-decoration: underline; color: #00ff00;\">Buchbar vom:<\/span>\u00a0 17.06. &#8211; 10.09.2017\u00a0\u00a0 Doppelzimmer Komfort \u00a0 \u00a0 \u00a0 \u00a0 \u00a0 \u00a0 \u00a0 \u00a0 \u00a0f\u00fcr 2 Personen statt 1848,00\u00a0 Euro nur 1716,00\u00a0Euro \u00a0 \u00a0 \u00a0 \u00a0 \u00a0 \u00a0 \u00a0 \u00a0 \u00a0 \u00a0 \u00a0 \u00a0 \u00a0 \u00a0 \u00a0 \u00a0<span style=\"text-decoration: underline; color: #00ff00;\">Buchbar vom:<\/span>\u00a0 11.09.\u00a0&#8211; 12.11.2017\u00a0\u00a0 Doppelzimmer Komfort \u00a0 \u00a0 \u00a0 \u00a0 \u00a0 \u00a0 \u00a0 \u00a0 \u00a0f\u00fcr 2 Personen statt 1694,00\u00a0 Euro nur 1573,00\u00a0Euro\u00a0<\/span><\/strong><strong><span style=\"color: #000000;\"><br \/>\n<\/span><\/strong><\/h6>\n<h2><\/h2>\n","protected":false},"excerpt":{"rendered":"<p>&nbsp; &#8212;&#8212;&#8212;&#8212;&#8212;&#8212;&#8212;&#8212;&#8212;&#8212;&#8212;&#8212;&#8212;&#8212;&#8212;&#8212;&#8212;&#8212;&#8212;&#8212;&#8212;&#8212;&#8212;&#8212;&#8212;&#8212;&#8212;&#8212;&#8212;&#8212;&#8212;&#8212;&#8212;&#8212;&#8211; \u00a0Fr\u00fchlingserwachen am Meer :\u00a0\u00a0 Sicher, die Fr\u00fchlingsboten zeigen sich auf R\u00fcgen etwas sp\u00e4ter. Doch daf\u00fcr erleben Sie diese sch\u00f6ne Jahreszeit hier auf R\u00fcgen umso intensiver. Das frische Gr\u00fcn der alten Buchenw\u00e4lder, dazu ein wei\u00dfes Meer von Anemonen und<\/p>\n","protected":false},"author":2,"featured_media":0,"comment_status":"closed","ping_status":"open","sticky":false,"template":"","format":"standard","meta":{"ngg_post_thumbnail":0,"footnotes":""},"categories":[17],"tags":[104,106,105,49,103,97],"_links":{"self":[{"href":"https:\/\/www.ruegen-birkenhof.de\/index.php?rest_route=\/wp\/v2\/posts\/1453"}],"collection":[{"href":"https:\/\/www.ruegen-birkenhof.de\/index.php?rest_route=\/wp\/v2\/posts"}],"about":[{"href":"https:\/\/www.ruegen-birkenhof.de\/index.php?rest_route=\/wp\/v2\/types\/post"}],"author":[{"embeddable":true,"href":"https:\/\/www.ruegen-birkenhof.de\/index.php?rest_route=\/wp\/v2\/users\/2"}],"replies":[{"embeddable":true,"href":"https:\/\/www.ruegen-birkenhof.de\/index.php?rest_route=%2Fwp%2Fv2%2Fcomments&post=1453"}],"version-history":[{"count":0,"href":"https:\/\/www.ruegen-birkenhof.de\/index.php?rest_route=\/wp\/v2\/posts\/1453\/revisions"}],"wp:attachment":[{"href":"https:\/\/www.ruegen-birkenhof.de\/index.php?rest_route=%2Fwp%2Fv2%2Fmedia&parent=1453"}],"wp:term":[{"taxonomy":"category","embeddable":true,"href":"https:\/\/www.ruegen-birkenhof.de\/index.php?rest_route=%2Fwp%2Fv2%2Fcategories&post=1453"},{"taxonomy":"post_tag","embeddable":true,"href":"https:\/\/www.ruegen-birkenhof.de\/index.php?rest_route=%2Fwp%2Fv2%2Ftags&post=1453"}],"curies":[{"name":"wp","href":"https:\/\/api.w.org\/{rel}","templated":true}]}}