{"id":2379,"date":"2016-08-18T14:39:00","date_gmt":"2016-08-18T12:39:00","guid":{"rendered":"http:\/\/www.ruegen-birkenhof.de\/?p=2379"},"modified":"2016-08-18T14:57:47","modified_gmt":"2016-08-18T12:57:47","slug":"ruegen-im-herbst","status":"publish","type":"post","link":"https:\/\/www.ruegen-birkenhof.de\/?p=2379","title":{"rendered":"R\u00fcgen im Herbst"},"content":{"rendered":"<p><strong>Die folgenden Preise verstehen sich f\u00fcr 2 Pers. im <\/strong><strong>Doppelzimmer Komfort.<br \/>\n<\/strong>Kinder bis 10 Jahre zahlen im Zimmer der Eltern bei 2 Vollzahlern die H\u00e4lfte.<\/p>\n<p style=\"text-align: center;\">&#8212;&#8212;&#8212;&#8212;&#8212;&#8212;&#8212;&#8212;&#8212;&#8212;&#8212;&#8212;&#8212;&#8212;&#8212;&#8212;&#8212;&#8212;&#8212;&#8212;&#8212;&#8212;&#8212;&#8212;&#8212;&#8212;&#8212;&#8212;&#8212;&#8212;&#8212;&#8212;&#8212;&#8212;&#8211;<\/p>\n<p><strong>Reif f\u00fcr die Insel<br \/>\n<\/strong><\/p>\n<p><img loading=\"lazy\" decoding=\"async\" class=\" wp-image-878 alignleft\" src=\"http:\/\/www.ruegen-birkenhof.de\/wp\/wp-content\/uploads\/2009\/11\/herbstarrangement-250x300.jpg\" alt=\"herbstarrangement\" width=\"167\" height=\"200\" srcset=\"https:\/\/www.ruegen-birkenhof.de\/wp\/wp-content\/uploads\/2009\/11\/herbstarrangement-250x300.jpg 250w, https:\/\/www.ruegen-birkenhof.de\/wp\/wp-content\/uploads\/2009\/11\/herbstarrangement.jpg 300w\" sizes=\"(max-width: 167px) 100vw, 167px\" \/>R\u00fcgenkenner wissen die Zeit nach der Hochsaison auf Deutschlands gr\u00f6\u00dfter Insel zu sch\u00e4tzen. Herrlich bunt sind die W\u00e4lder der Granitz und auf der Halbinsel Jasmund, das Meer gibt die im Sommer gespeicherte W\u00e4rme zur\u00fcck und es ist wieder gro\u00dfz\u00fcgig Platz f\u00fcr erholungsbed\u00fcrftige G\u00e4ste.<\/p>\n<p>&nbsp;<\/p>\n<p>&nbsp;<\/p>\n<p><span style=\"text-decoration: underline;\">Unsere Angebote f\u00fcr Sie:<\/span><\/p>\n<ol>\n<li><strong>Reif f\u00fcr die Insel im Herbst<\/strong><\/li>\n<\/ol>\n<ul>\n<li>3 \u00dcbernachtungen inklusive 3 x ein individuell reichhaltiges Fr\u00fchst\u00fcck , 1 romantisches Abendessen sowie eine 0,75 l Flasche Wasser auf dem Zimmer.<\/li>\n<\/ul>\n<p><span style=\"text-decoration: underline;\">Buchbar im Zeitraum<\/span><br \/>\n<strong>vom 04.10. bis 29.10.2016 DZ 239,00 Euro<\/strong><\/p>\n<p>2. <strong>Goldener Herbst<\/strong><\/p>\n<ul>\n<li>7 \u00dcbernachtungen inkl. 7 x ein individuell<br \/>\nreichhaltiges Fr\u00fchst\u00fcck, 7x Schlemmermen\u00fcwahl<br \/>\nsowie ein t\u00e4gliches Kaffeegedeck<\/li>\n<\/ul>\n<p><span style=\"text-decoration: underline;\">Buchbar im Zeitraum<\/span><br \/>\n<strong>vom 04.10. \u2013 29.10. DZ 693,00 und EZ 385,00 Euro<\/strong><\/p>\n<p style=\"text-align: justify;\">Rufen Sie uns an, Telefon (03 83 03) 8 64 31, senden Sie eine Mail an ferien@birkenhof-r\u00fcgen.de, oder nutzen Sie unser <a title=\"Kontaktformular-Arrangements\" href=\"?page_id=852\">Kontaktformular<\/a>.<\/p>\n","protected":false},"excerpt":{"rendered":"<p>Die folgenden Preise verstehen sich f\u00fcr 2 Pers. im Doppelzimmer Komfort. Kinder bis 10 Jahre zahlen im Zimmer der Eltern bei 2 Vollzahlern die H\u00e4lfte. &#8212;&#8212;&#8212;&#8212;&#8212;&#8212;&#8212;&#8212;&#8212;&#8212;&#8212;&#8212;&#8212;&#8212;&#8212;&#8212;&#8212;&#8212;&#8212;&#8212;&#8212;&#8212;&#8212;&#8212;&#8212;&#8212;&#8212;&#8212;&#8212;&#8212;&#8212;&#8212;&#8212;&#8212;&#8211; Reif f\u00fcr die Insel R\u00fcgenkenner wissen die Zeit nach der Hochsaison auf Deutschlands gr\u00f6\u00dfter<\/p>\n","protected":false},"author":2,"featured_media":0,"comment_status":"open","ping_status":"open","sticky":false,"template":"","format":"standard","meta":{"ngg_post_thumbnail":0,"footnotes":""},"categories":[140],"tags":[4,119,141,107,115,15,5,122],"_links":{"self":[{"href":"https:\/\/www.ruegen-birkenhof.de\/index.php?rest_route=\/wp\/v2\/posts\/2379"}],"collection":[{"href":"https:\/\/www.ruegen-birkenhof.de\/index.php?rest_route=\/wp\/v2\/posts"}],"about":[{"href":"https:\/\/www.ruegen-birkenhof.de\/index.php?rest_route=\/wp\/v2\/types\/post"}],"author":[{"embeddable":true,"href":"https:\/\/www.ruegen-birkenhof.de\/index.php?rest_route=\/wp\/v2\/users\/2"}],"replies":[{"embeddable":true,"href":"https:\/\/www.ruegen-birkenhof.de\/index.php?rest_route=%2Fwp%2Fv2%2Fcomments&post=2379"}],"version-history":[{"count":0,"href":"https:\/\/www.ruegen-birkenhof.de\/index.php?rest_route=\/wp\/v2\/posts\/2379\/revisions"}],"wp:attachment":[{"href":"https:\/\/www.ruegen-birkenhof.de\/index.php?rest_route=%2Fwp%2Fv2%2Fmedia&parent=2379"}],"wp:term":[{"taxonomy":"category","embeddable":true,"href":"https:\/\/www.ruegen-birkenhof.de\/index.php?rest_route=%2Fwp%2Fv2%2Fcategories&post=2379"},{"taxonomy":"post_tag","embeddable":true,"href":"https:\/\/www.ruegen-birkenhof.de\/index.php?rest_route=%2Fwp%2Fv2%2Ftags&post=2379"}],"curies":[{"name":"wp","href":"https:\/\/api.w.org\/{rel}","templated":true}]}}