{"id":2460,"date":"2016-08-30T22:12:45","date_gmt":"2016-08-30T20:12:45","guid":{"rendered":"http:\/\/www.ruegen-birkenhof.de\/?p=2460"},"modified":"2016-08-30T22:12:45","modified_gmt":"2016-08-30T20:12:45","slug":"tageszeitung-das-birkenblatt-mittwoch-31-08-2016","status":"publish","type":"post","link":"https:\/\/www.ruegen-birkenhof.de\/?p=2460","title":{"rendered":"Tageszeitung &#8222;Das Birkenblatt&#8220; Mittwoch 31.08.2016"},"content":{"rendered":"<p>&#8222;Das Birkenblatt &#8220; Tageszeitung am 31.08.2016<\/p>\n<p><strong><em>Guten Morgen Liebe G\u00e4ste !<\/em><\/strong><\/p>\n<p style=\"text-align: left;\"><strong><em>\u00a0\u00a0 Mittwoch, den 31.08.2016<\/em><\/strong><\/p>\n<p><em>Heute ist es den ganzen Tag sonnig. Die Sonnenscheindauer betr\u00e4gt ca. \u00a013 Stunden. Die Temperatur liegt bei 24 Grad. Der Wind weht schwach aus s\u00fcdlicher Richtung mit 10 km\/h und in B\u00f6en mit 18 km\/h. Es besteht ein Regenrisiko von 10 %.<\/em><\/p>\n<p><em>\u00a0\u00a0\u00a0\u00a0\u00a0\u00a0 \u00a0\u00a0\u00a0\u00a0\u00a0\u00a0<\/em>Do. 21\u00b0C\u00a0\u00a0\u00a0\u00a0\u00a0\u00a0 \u00a0\u00a0\u00a0\u00a0\u00a0\u00a0\u00a0\u00a0\u00a0\u00a0\u00a0 \u00a0 \u00a0Fr. 19<em>\u00b0 <\/em>C\u00a0\u00a0\u00a0\u00a0\u00a0 \u00a0 \u00a0\u00a0\u00a0\u00a0\u00a0\u00a0\u00a0\u00a0\u00a0\u00a0Sa. 20\u00b0 C<\/p>\n<p>********************************************************<\/p>\n<p><em>\u00a0 <u>Spruch des Tages :<\/u><\/em><\/p>\n<p><em>Alles Gold der Welt ist nicht imstande,<br \/>\nauch nur eine<br \/>\nsehr sch\u00f6ne Minute ZUR\u00dcCK zuholen<br \/>\n&#8212; das kann nur die ERINNERUNG.<\/em><\/p>\n<p>********************************************************<\/p>\n<p><em><u>Als Tagesgetr\u00e4nk servieren wir heute :<\/u><\/em><\/p>\n<p><em>Erdbeercolada 6,50 \u00a0Euro<\/em><\/p>\n<p><em>Frisches Erdbeermark, Bacardi, Cocos, Sahne, Ananassaft<\/em><\/p>\n<p><em>\u00a0********************************************************\u00a0\u00a0 \u00a0\u00a0\u00a0<\/em><\/p>\n<p><em><u>Unseren Halbpensionsg\u00e4sten bieten wir heute:<\/u><\/em><\/p>\n<p><em>Kleiner Salat<\/em><\/p>\n<p><em>\u00a0\u00a0\u00a0\u00a0 ***<\/em><\/p>\n<p><em>frisches Dorschfilet in einer Kr\u00e4utereih\u00fclle gebraten dazu Bratkartoffeln<\/em><\/p>\n<p><em><u>oder<\/u><\/em><\/p>\n<p><em>geschmorter Rinderbraten dazu Blumenkohl sowie Salzkartoffeln<\/em><\/p>\n<p><em>\u00a0***<\/em><\/p>\n<p><em>Schwedeneisbecher<\/em><\/p>\n<p><em>*******************************************************<\/em><em>\u00a0<\/em><\/p>\n<p><strong><em>Wir w\u00fcnschen Ihnen einen sch\u00f6nen Tag und den abreisenden G\u00e4sten eine Gute Heimfahrt!<\/em><\/strong><\/p>\n<p style=\"text-align: center;\"><strong><em>\u00a0\u00a0\u00a0\u00a0\u00a0 Ihre Familie Schulze und Team<\/em><\/strong><\/p>\n","protected":false},"excerpt":{"rendered":"<p>&#8222;Das Birkenblatt &#8220; Tageszeitung am 31.08.2016 Guten Morgen Liebe G\u00e4ste ! \u00a0\u00a0 Mittwoch, den 31.08.2016 Heute ist es den ganzen Tag sonnig. Die Sonnenscheindauer betr\u00e4gt ca. \u00a013 Stunden. Die Temperatur liegt bei 24 Grad. Der Wind weht schwach aus s\u00fcdlicher<\/p>\n","protected":false},"author":4,"featured_media":0,"comment_status":"open","ping_status":"open","sticky":false,"template":"","format":"standard","meta":{"ngg_post_thumbnail":0,"footnotes":""},"categories":[1],"tags":[],"_links":{"self":[{"href":"https:\/\/www.ruegen-birkenhof.de\/index.php?rest_route=\/wp\/v2\/posts\/2460"}],"collection":[{"href":"https:\/\/www.ruegen-birkenhof.de\/index.php?rest_route=\/wp\/v2\/posts"}],"about":[{"href":"https:\/\/www.ruegen-birkenhof.de\/index.php?rest_route=\/wp\/v2\/types\/post"}],"author":[{"embeddable":true,"href":"https:\/\/www.ruegen-birkenhof.de\/index.php?rest_route=\/wp\/v2\/users\/4"}],"replies":[{"embeddable":true,"href":"https:\/\/www.ruegen-birkenhof.de\/index.php?rest_route=%2Fwp%2Fv2%2Fcomments&post=2460"}],"version-history":[{"count":0,"href":"https:\/\/www.ruegen-birkenhof.de\/index.php?rest_route=\/wp\/v2\/posts\/2460\/revisions"}],"wp:attachment":[{"href":"https:\/\/www.ruegen-birkenhof.de\/index.php?rest_route=%2Fwp%2Fv2%2Fmedia&parent=2460"}],"wp:term":[{"taxonomy":"category","embeddable":true,"href":"https:\/\/www.ruegen-birkenhof.de\/index.php?rest_route=%2Fwp%2Fv2%2Fcategories&post=2460"},{"taxonomy":"post_tag","embeddable":true,"href":"https:\/\/www.ruegen-birkenhof.de\/index.php?rest_route=%2Fwp%2Fv2%2Ftags&post=2460"}],"curies":[{"name":"wp","href":"https:\/\/api.w.org\/{rel}","templated":true}]}}