{"id":2466,"date":"2016-09-01T22:12:49","date_gmt":"2016-09-01T20:12:49","guid":{"rendered":"http:\/\/www.ruegen-birkenhof.de\/?p=2466"},"modified":"2016-09-01T22:12:49","modified_gmt":"2016-09-01T20:12:49","slug":"tageszeitung-das-birkenblatt-freitag-02-09-2016","status":"publish","type":"post","link":"https:\/\/www.ruegen-birkenhof.de\/?p=2466","title":{"rendered":"Tageszeitung &#8222;Das Birkenblatt&#8220; Freitag 02.09.2016"},"content":{"rendered":"<p>&#8222;Das Birkenblatt&#8220; Tageszeitung<\/p>\n<p><strong><em>Guten Morgen Liebe G\u00e4ste !<\/em><\/strong><\/p>\n<p><strong><em>\u00a0\u00a0 Freitag, den 02.09.2016<\/em><\/strong><\/p>\n<p><em>Heute ist es wechselnd bew\u00f6lkt, wobei am Nachmittag sich immer mehr die Sonne durchsetzt. Die Sonnenscheindauer betr\u00e4gt ca. 8 Stunden. Die Temperatur liegt bei 21 Grad. Der Wind weht m\u00e4\u00dfig aus westlicher Richtung mit 18 km\/h und in B\u00f6en mit 35 km\/h. Es besteht ein Regenrisiko von 50 %.<\/em><\/p>\n<p><em>\u00a0\u00a0\u00a0\u00a0\u00a0\u00a0 \u00a0\u00a0\u00a0\u00a0\u00a0\u00a0<\/em>Sa. 21\u00b0C\u00a0\u00a0\u00a0\u00a0\u00a0\u00a0\u00a0 \u00a0\u00a0\u00a0\u00a0\u00a0\u00a0\u00a0\u00a0\u00a0\u00a0\u00a0 So. 18<em>\u00b0 <\/em>C\u00a0\u00a0\u00a0\u00a0\u00a0\u00a0\u00a0 \u00a0 \u00a0\u00a0\u00a0\u00a0\u00a0\u00a0\u00a0\u00a0\u00a0\u00a0Mo. 18\u00b0 C<\/p>\n<p>********************************************************<\/p>\n<p><em>\u00a0 <u>Spruch des Tages :<\/u><\/em><\/p>\n<p><em>Gl\u00fcck ist eine stille Stunde,<br \/>\nGl\u00fcck ist auch ein gutes Buch,<br \/>\nGl\u00fcck ist Spa\u00df in froher Runde,<br \/>\nGl\u00fcck ist freundlicher Besuch.<\/em><\/p>\n<p>********************************************************<\/p>\n<p><em><u>Als Tagesgetr\u00e4nk servieren wir heute :<\/u><\/em><em>\u00a0<\/em><\/p>\n<p><em>Caipirinha 5,00 \u00a0Euro<\/em><\/p>\n<p><em>Limetten, Pitu, Rohrzucker, Wasser<\/em><\/p>\n<p><em>\u00a0********************************************************\u00a0 \u00a0\u00a0\u00a0<\/em><\/p>\n<p><em><u>Unseren Halbpensionsg\u00e4sten bieten wir heute:<\/u><\/em><\/p>\n<p><em>Tomatencremesuppe<\/em><\/p>\n<p><em>\u00a0\u00a0\u00a0\u00a0 ***<\/em><\/p>\n<p><em>Frische Ostseeflunder gebraten dazu Bratkartoffeln<\/em><\/p>\n<p><em><u>oder<\/u><\/em><\/p>\n<p><em>zarte Ochsenb\u00e4ckchen geschmort und angerichtet auf einem Kartoffelstampf dazu eine Rotweinj\u00f9s<\/em><\/p>\n<p><em>\u00a0***<\/em><\/p>\n<p><em>Eisbecher \u201eNussknacker\u201c<\/em><\/p>\n<p><em>*******************************************************<\/em><\/p>\n<p><strong><em>Wir w\u00fcnschen Ihnen einen sch\u00f6nen Tag und den abreisenden G\u00e4sten eine Gute Heimfahrt!<\/em><\/strong><strong><em>\u00a0<\/em><\/strong><\/p>\n<p><strong><em>\u00a0\u00a0\u00a0\u00a0\u00a0 Ihre Familie Schulze und Team<\/em><\/strong><\/p>\n","protected":false},"excerpt":{"rendered":"<p>&#8222;Das Birkenblatt&#8220; Tageszeitung Guten Morgen Liebe G\u00e4ste ! \u00a0\u00a0 Freitag, den 02.09.2016 Heute ist es wechselnd bew\u00f6lkt, wobei am Nachmittag sich immer mehr die Sonne durchsetzt. Die Sonnenscheindauer betr\u00e4gt ca. 8 Stunden. Die Temperatur liegt bei 21 Grad. Der Wind<\/p>\n","protected":false},"author":4,"featured_media":0,"comment_status":"open","ping_status":"open","sticky":false,"template":"","format":"standard","meta":{"ngg_post_thumbnail":0,"footnotes":""},"categories":[1],"tags":[],"_links":{"self":[{"href":"https:\/\/www.ruegen-birkenhof.de\/index.php?rest_route=\/wp\/v2\/posts\/2466"}],"collection":[{"href":"https:\/\/www.ruegen-birkenhof.de\/index.php?rest_route=\/wp\/v2\/posts"}],"about":[{"href":"https:\/\/www.ruegen-birkenhof.de\/index.php?rest_route=\/wp\/v2\/types\/post"}],"author":[{"embeddable":true,"href":"https:\/\/www.ruegen-birkenhof.de\/index.php?rest_route=\/wp\/v2\/users\/4"}],"replies":[{"embeddable":true,"href":"https:\/\/www.ruegen-birkenhof.de\/index.php?rest_route=%2Fwp%2Fv2%2Fcomments&post=2466"}],"version-history":[{"count":0,"href":"https:\/\/www.ruegen-birkenhof.de\/index.php?rest_route=\/wp\/v2\/posts\/2466\/revisions"}],"wp:attachment":[{"href":"https:\/\/www.ruegen-birkenhof.de\/index.php?rest_route=%2Fwp%2Fv2%2Fmedia&parent=2466"}],"wp:term":[{"taxonomy":"category","embeddable":true,"href":"https:\/\/www.ruegen-birkenhof.de\/index.php?rest_route=%2Fwp%2Fv2%2Fcategories&post=2466"},{"taxonomy":"post_tag","embeddable":true,"href":"https:\/\/www.ruegen-birkenhof.de\/index.php?rest_route=%2Fwp%2Fv2%2Ftags&post=2466"}],"curies":[{"name":"wp","href":"https:\/\/api.w.org\/{rel}","templated":true}]}}