{"id":2481,"date":"2016-09-06T20:20:48","date_gmt":"2016-09-06T18:20:48","guid":{"rendered":"http:\/\/www.ruegen-birkenhof.de\/?p=2481"},"modified":"2016-09-06T20:20:48","modified_gmt":"2016-09-06T18:20:48","slug":"das-birkenblatt-tageszeitung-am-07-09-2016","status":"publish","type":"post","link":"https:\/\/www.ruegen-birkenhof.de\/?p=2481","title":{"rendered":"Das Birkenblatt &#8211; Tageszeitung am 07.09.2016"},"content":{"rendered":"<p><strong><em>Guten Morgen Liebe G\u00e4ste !<\/em><\/strong><\/p>\n<p><strong><em>Mittwoch, den 07.09.2016<\/em><\/strong><\/p>\n<p><em>Heute ist es den ganzen Tag sonnig mit keinen Schleierwolken. Die Sonnenscheindauer betr\u00e4gt ca. 11 Stunden. Die Temperatur liegt bei 24 Grad. Der Wind weht schwach aus s\u00fcdwestlicher Richtung mit 10 km\/h und in B\u00f6en mit 18 km\/h. Es besteht ein Regenrisiko von 5 %.<\/em><\/p>\n<p><em>\u00a0\u00a0\u00a0\u00a0\u00a0\u00a0 \u00a0\u00a0\u00a0\u00a0\u00a0\u00a0<\/em>Do. 24\u00b0C\u00a0\u00a0\u00a0\u00a0\u00a0\u00a0 \u00a0\u00a0\u00a0\u00a0\u00a0\u00a0\u00a0\u00a0\u00a0\u00a0\u00a0 \u00a0 Fr. 24<em>\u00b0 <\/em>C\u00a0\u00a0\u00a0\u00a0\u00a0\u00a0 \u00a0 \u00a0\u00a0\u00a0\u00a0\u00a0\u00a0\u00a0\u00a0Sa. 23\u00b0 C<\/p>\n<p>********************************************************<\/p>\n<p><em>\u00a0 <u>Spruch des Tages :<\/u><\/em><\/p>\n<p><em>Die Zeit will gen\u00fctzt sein, und nicht vers\u00e4umt,<br \/>\nDas Gl\u00fcck will erk\u00e4mpft sein, und nicht ertr\u00e4umt.<br \/>\nDrum \u00f6ffne das Auge und rege die Hand \u2013<br \/>\nWir leben nicht im Schlaraffenland!<\/em><\/p>\n<p>********************************************************<\/p>\n<p><em><u>Als Tagesgetr\u00e4nk servieren wir heute :<\/u><\/em><\/p>\n<p><em>Campari-Orange 3,80 \u00a0Euro<\/em><\/p>\n<p><em>********************************************************\u00a0\u00a0<\/em><\/p>\n<p><em><u>Unseren Halbpensionsg\u00e4sten bieten wir heute:<\/u><\/em><\/p>\n<p><em>Champignoncremesuppe<\/em><\/p>\n<p><em>\u00a0\u00a0\u00a0\u00a0 ***<\/em><\/p>\n<p><em>Buttermakrelenfilet im Speckmantel gebraten und angerichtet auf einem gr\u00fcnen Erbsen-Kartoffelstampf \u00a0dazu Zitronenbutter<\/em><\/p>\n<p><em><u>oder<\/u><\/em><\/p>\n<p><em>leckeres H\u00e4hnchencurry angerichtet im Reisring<\/em><\/p>\n<p><em>\u00a0***<\/em><\/p>\n<p><em>Eisschokolade<\/em><\/p>\n<p><em>*******************************************************<\/em><\/p>\n<p><strong><em>Wir w\u00fcnschen Ihnen einen sch\u00f6nen Tag und den abreisenden G\u00e4sten eine Gute Heimfahrt!<\/em><\/strong><\/p>\n<p><strong><em>\u00a0\u00a0\u00a0\u00a0\u00a0 Ihre Familie Schulze und Team<\/em><\/strong><\/p>\n","protected":false},"excerpt":{"rendered":"<p>Guten Morgen Liebe G\u00e4ste ! Mittwoch, den 07.09.2016 Heute ist es den ganzen Tag sonnig mit keinen Schleierwolken. Die Sonnenscheindauer betr\u00e4gt ca. 11 Stunden. Die Temperatur liegt bei 24 Grad. Der Wind weht schwach aus s\u00fcdwestlicher Richtung mit 10 km\/h<\/p>\n","protected":false},"author":4,"featured_media":0,"comment_status":"open","ping_status":"open","sticky":false,"template":"","format":"standard","meta":{"ngg_post_thumbnail":0,"footnotes":""},"categories":[1],"tags":[],"_links":{"self":[{"href":"https:\/\/www.ruegen-birkenhof.de\/index.php?rest_route=\/wp\/v2\/posts\/2481"}],"collection":[{"href":"https:\/\/www.ruegen-birkenhof.de\/index.php?rest_route=\/wp\/v2\/posts"}],"about":[{"href":"https:\/\/www.ruegen-birkenhof.de\/index.php?rest_route=\/wp\/v2\/types\/post"}],"author":[{"embeddable":true,"href":"https:\/\/www.ruegen-birkenhof.de\/index.php?rest_route=\/wp\/v2\/users\/4"}],"replies":[{"embeddable":true,"href":"https:\/\/www.ruegen-birkenhof.de\/index.php?rest_route=%2Fwp%2Fv2%2Fcomments&post=2481"}],"version-history":[{"count":0,"href":"https:\/\/www.ruegen-birkenhof.de\/index.php?rest_route=\/wp\/v2\/posts\/2481\/revisions"}],"wp:attachment":[{"href":"https:\/\/www.ruegen-birkenhof.de\/index.php?rest_route=%2Fwp%2Fv2%2Fmedia&parent=2481"}],"wp:term":[{"taxonomy":"category","embeddable":true,"href":"https:\/\/www.ruegen-birkenhof.de\/index.php?rest_route=%2Fwp%2Fv2%2Fcategories&post=2481"},{"taxonomy":"post_tag","embeddable":true,"href":"https:\/\/www.ruegen-birkenhof.de\/index.php?rest_route=%2Fwp%2Fv2%2Ftags&post=2481"}],"curies":[{"name":"wp","href":"https:\/\/api.w.org\/{rel}","templated":true}]}}