{"id":2485,"date":"2016-09-08T21:46:46","date_gmt":"2016-09-08T19:46:46","guid":{"rendered":"http:\/\/www.ruegen-birkenhof.de\/?p=2485"},"modified":"2016-09-08T21:46:46","modified_gmt":"2016-09-08T19:46:46","slug":"das-birkenblatt-tageszeitung-freitag-der-09-09-2016","status":"publish","type":"post","link":"https:\/\/www.ruegen-birkenhof.de\/?p=2485","title":{"rendered":"Das Birkenblatt Tageszeitung Freitag der 09.09.2016"},"content":{"rendered":"<p><strong><em>Guten Morgen Liebe G\u00e4ste !<\/em><\/strong><\/p>\n<p><strong><em>\u00a0Freitag, den 09.09.2016<\/em><\/strong><\/p>\n<p><em>Heute ist es den ganzen Tag sonnig mit kleinen Schleierwolken, nur um die Kaffeezeit sind auch gr\u00f6\u00dfere Wolken m\u00f6glich. Die Sonnenscheindauer betr\u00e4gt ca. 9 Stunden. Die Temperatur liegt bei 23 Grad. Der Wind weht m\u00e4\u00dfig aus westlicher Richtung mit 21 km\/h und in B\u00f6en mit 35 km\/h. Es besteht ein Regenrisiko von 10 %.<\/em><\/p>\n<p><em>\u00a0\u00a0\u00a0\u00a0\u00a0\u00a0 \u00a0\u00a0\u00a0\u00a0\u00a0\u00a0<\/em>Sa. 22\u00b0C\u00a0\u00a0\u00a0\u00a0\u00a0\u00a0\u00a0 \u00a0\u00a0\u00a0\u00a0\u00a0\u00a0\u00a0\u00a0\u00a0\u00a0\u00a0 \u00a0 So. 25<em>\u00b0 <\/em>C\u00a0\u00a0\u00a0\u00a0\u00a0 \u00a0 \u00a0\u00a0\u00a0\u00a0\u00a0\u00a0\u00a0\u00a0\u00a0\u00a0Mo. 26\u00b0 C<\/p>\n<p>********************************************************<\/p>\n<p><em>\u00a0 <u>Spruch des Tages :<\/u><\/em><\/p>\n<p><em>Je stiller wir werden, umso mehr h\u00f6ren wir.<\/em><\/p>\n<p><em>Je langsamer wir werden, umso mehr Zeit haben wir.<\/em><\/p>\n<p><em>Je mehr Liebe wir verschenken, umso reicher wird unser Herz!<\/em><\/p>\n<p>********************************************************<\/p>\n<p><em><u>Als Tagesgetr\u00e4nk servieren wir heute :<\/u><\/em><em>\u00a0<\/em><\/p>\n<p><em>Rhabarberschorle 5,00 Euro<\/em><\/p>\n<p><em>Rhabarbersaft, trockener Wei\u00dfwein, Wasser<\/em><em>\u00a0 \u00a0 \u00a0<\/em><\/p>\n<p><em>\u00a0********************************************************\u00a0\u00a0 \u00a0\u00a0\u00a0<\/em><\/p>\n<p><strong>Wichtige Information f\u00fcr alle G\u00e4ste die am Sonntag abreisen oder mit dem Auto die Insel besichtigen m\u00f6chten !!!!!<\/strong><\/p>\n<p>Am Sonntag findet auf unserer Insel der Ironman statt. Hierf\u00fcr werden s\u00e4mtliche Stra\u00dfen gesperrt. Wir werden am Sonntag schon das Fr\u00fchst\u00fcck ab 7,30 Uhr servieren. Wer nicht in den Stau geraten m\u00f6chte, sollte bis sp\u00e4testens 8,30 Uhr abreisen. Ich habe Informationsmaterial ausgedruckt.<\/p>\n<p>Alle G\u00e4ste die am Sonntag eine Autofahrt in Richtung Binz, Putbus, Bergen, Sassnitz planen, m\u00f6chte ich sagen planen Sie um. Fahren Sie Fahrrad oder Schiff.<\/p>\n<p><em><u>********************************************************\u00a0\u00a0<\/u><\/em><\/p>\n<p><em><u>Unseren Halbpensionsg\u00e4sten bieten wir heute:<\/u><\/em><\/p>\n<p><em>Erbsensuppe<\/em><\/p>\n<p><em>\u00a0\u00a0\u00a0\u00a0 ***<\/em><\/p>\n<p><em>Dialog von Lachs und Zanderfilet angerichtet auf Blattspinatnudeln in K\u00e4se-Sahne-Sauce<\/em><\/p>\n<p><em><u>oder<\/u><\/em><\/p>\n<p><em>Geschnetzeltes von der H\u00e4hnchenbrust angerichtet im Gem\u00fcsereisnest<\/em><\/p>\n<p><em>\u00a0***<\/em><\/p>\n<p><em>Zitronencreme<\/em><\/p>\n<p><em>*******************************************************<\/em><\/p>\n<p><strong><em>Wir w\u00fcnschen Ihnen einen sch\u00f6nen Tag und den abreisenden G\u00e4sten eine Gute Heimfahrt!<\/em><\/strong><\/p>\n<p><strong><em>\u00a0\u00a0\u00a0\u00a0\u00a0 Ihre Familie Schulze und Team<\/em><\/strong><\/p>\n","protected":false},"excerpt":{"rendered":"<p>Guten Morgen Liebe G\u00e4ste ! \u00a0Freitag, den 09.09.2016 Heute ist es den ganzen Tag sonnig mit kleinen Schleierwolken, nur um die Kaffeezeit sind auch gr\u00f6\u00dfere Wolken m\u00f6glich. Die Sonnenscheindauer betr\u00e4gt ca. 9 Stunden. Die Temperatur liegt bei 23 Grad. Der<\/p>\n","protected":false},"author":4,"featured_media":0,"comment_status":"open","ping_status":"open","sticky":false,"template":"","format":"standard","meta":{"ngg_post_thumbnail":0,"footnotes":""},"categories":[1],"tags":[],"_links":{"self":[{"href":"https:\/\/www.ruegen-birkenhof.de\/index.php?rest_route=\/wp\/v2\/posts\/2485"}],"collection":[{"href":"https:\/\/www.ruegen-birkenhof.de\/index.php?rest_route=\/wp\/v2\/posts"}],"about":[{"href":"https:\/\/www.ruegen-birkenhof.de\/index.php?rest_route=\/wp\/v2\/types\/post"}],"author":[{"embeddable":true,"href":"https:\/\/www.ruegen-birkenhof.de\/index.php?rest_route=\/wp\/v2\/users\/4"}],"replies":[{"embeddable":true,"href":"https:\/\/www.ruegen-birkenhof.de\/index.php?rest_route=%2Fwp%2Fv2%2Fcomments&post=2485"}],"version-history":[{"count":0,"href":"https:\/\/www.ruegen-birkenhof.de\/index.php?rest_route=\/wp\/v2\/posts\/2485\/revisions"}],"wp:attachment":[{"href":"https:\/\/www.ruegen-birkenhof.de\/index.php?rest_route=%2Fwp%2Fv2%2Fmedia&parent=2485"}],"wp:term":[{"taxonomy":"category","embeddable":true,"href":"https:\/\/www.ruegen-birkenhof.de\/index.php?rest_route=%2Fwp%2Fv2%2Fcategories&post=2485"},{"taxonomy":"post_tag","embeddable":true,"href":"https:\/\/www.ruegen-birkenhof.de\/index.php?rest_route=%2Fwp%2Fv2%2Ftags&post=2485"}],"curies":[{"name":"wp","href":"https:\/\/api.w.org\/{rel}","templated":true}]}}