{"id":2495,"date":"2016-09-12T21:15:53","date_gmt":"2016-09-12T19:15:53","guid":{"rendered":"http:\/\/www.ruegen-birkenhof.de\/?p=2495"},"modified":"2016-09-12T21:15:53","modified_gmt":"2016-09-12T19:15:53","slug":"das-birkenblatt-tageszeitung-dienstag-13-09-2016","status":"publish","type":"post","link":"https:\/\/www.ruegen-birkenhof.de\/?p=2495","title":{"rendered":"Das Birkenblatt Tageszeitung Dienstag 13.09.2016"},"content":{"rendered":"<p><strong><em>Guten Morgen Liebe G\u00e4ste !<\/em><\/strong><\/p>\n<p><strong><em>\u00a0\u00a0 Dienstag, den 13.09.2016<\/em><\/strong><\/p>\n<p><em>Heute ist es wieder den ganzen Tag sonnig. Die \u00a0Sonnenscheindauer betr\u00e4gt ca. 12 Stunden. Die Temperatur liegt bei 24 Grad. Der Wind weht m\u00e4\u00dfig aus \u00f6stlicher Richtung mit 18 km\/h und in B\u00f6en mit 35 km\/h. Es besteht ein Regenrisiko von 20 %.<\/em><\/p>\n<p><em>\u00a0\u00a0\u00a0\u00a0\u00a0\u00a0 \u00a0\u00a0\u00a0\u00a0\u00a0\u00a0<\/em>Mi. 23\u00b0C\u00a0\u00a0\u00a0\u00a0\u00a0\u00a0\u00a0 \u00a0\u00a0\u00a0\u00a0\u00a0\u00a0\u00a0\u00a0\u00a0 \u00a0\u00a0Do. 21<em>\u00b0 <\/em>C\u00a0\u00a0\u00a0\u00a0\u00a0\u00a0 \u00a0 \u00a0\u00a0\u00a0\u00a0\u00a0\u00a0\u00a0\u00a0Fr. 19\u00b0 C<\/p>\n<p>********************************************************<\/p>\n<p><em><u>S<\/u><\/em><em><u>pruch des Tages :<\/u><\/em><\/p>\n<p><em>Freunde sind\u00a0wie Sterne am Himmel. Oft kann man sie nicht Sehen,<br \/>\naber es ist gut zu wissen, dass es sie gibt.<\/em><\/p>\n<p>********************************************************<\/p>\n<p><em><u>Als Tagesgetr\u00e4nk servieren wir heute :<\/u><\/em><\/p>\n<p><em>\u00a0C<\/em><em>ampari &#8211; Orange 3,80 Euro<\/em><\/p>\n<p><em>\u00a0********************************************************<\/em><\/p>\n<p><em><u>Unseren Halbpensionsg\u00e4sten bieten wir heute:<\/u><\/em><\/p>\n<p><em>Hausgemachte Gulaschsuppe<\/em><\/p>\n<p><em>\u00a0\u00a0\u00a0\u00a0 ***<\/em><\/p>\n<p><em>Ostseedorschfilet in einer Kr\u00e4utereih\u00fclle gebraten <\/em><\/p>\n<p><em>dazu Bratkartoffeln<\/em><em>\u00a0<\/em><\/p>\n<p><em><u>oder<\/u><\/em><\/p>\n<p><em>Geschnetzeltes vom Rind mit frischen Champignons angerichtet im Kr\u00e4uterreisnest<\/em><\/p>\n<p><em>\u00a0***<\/em><\/p>\n<p><em>Gemischtes Eis mit Sahne<\/em><\/p>\n<p><em>*******************************************************<\/em><\/p>\n<p><strong><em>Wir w\u00fcnschen Ihnen einen sch\u00f6nen Tag und den abreisenden G\u00e4sten eine Gute Heimfahrt!<\/em><\/strong><\/p>\n<p><strong><em>\u00a0\u00a0\u00a0\u00a0\u00a0 Ihre Familie Schulze und <\/em><\/strong><\/p>\n","protected":false},"excerpt":{"rendered":"<p>Guten Morgen Liebe G\u00e4ste ! \u00a0\u00a0 Dienstag, den 13.09.2016 Heute ist es wieder den ganzen Tag sonnig. Die \u00a0Sonnenscheindauer betr\u00e4gt ca. 12 Stunden. Die Temperatur liegt bei 24 Grad. Der Wind weht m\u00e4\u00dfig aus \u00f6stlicher Richtung mit 18 km\/h und<\/p>\n","protected":false},"author":4,"featured_media":0,"comment_status":"open","ping_status":"open","sticky":false,"template":"","format":"standard","meta":{"ngg_post_thumbnail":0,"footnotes":""},"categories":[1],"tags":[],"_links":{"self":[{"href":"https:\/\/www.ruegen-birkenhof.de\/index.php?rest_route=\/wp\/v2\/posts\/2495"}],"collection":[{"href":"https:\/\/www.ruegen-birkenhof.de\/index.php?rest_route=\/wp\/v2\/posts"}],"about":[{"href":"https:\/\/www.ruegen-birkenhof.de\/index.php?rest_route=\/wp\/v2\/types\/post"}],"author":[{"embeddable":true,"href":"https:\/\/www.ruegen-birkenhof.de\/index.php?rest_route=\/wp\/v2\/users\/4"}],"replies":[{"embeddable":true,"href":"https:\/\/www.ruegen-birkenhof.de\/index.php?rest_route=%2Fwp%2Fv2%2Fcomments&post=2495"}],"version-history":[{"count":0,"href":"https:\/\/www.ruegen-birkenhof.de\/index.php?rest_route=\/wp\/v2\/posts\/2495\/revisions"}],"wp:attachment":[{"href":"https:\/\/www.ruegen-birkenhof.de\/index.php?rest_route=%2Fwp%2Fv2%2Fmedia&parent=2495"}],"wp:term":[{"taxonomy":"category","embeddable":true,"href":"https:\/\/www.ruegen-birkenhof.de\/index.php?rest_route=%2Fwp%2Fv2%2Fcategories&post=2495"},{"taxonomy":"post_tag","embeddable":true,"href":"https:\/\/www.ruegen-birkenhof.de\/index.php?rest_route=%2Fwp%2Fv2%2Ftags&post=2495"}],"curies":[{"name":"wp","href":"https:\/\/api.w.org\/{rel}","templated":true}]}}