{"id":2497,"date":"2016-09-13T21:33:29","date_gmt":"2016-09-13T19:33:29","guid":{"rendered":"http:\/\/www.ruegen-birkenhof.de\/?p=2497"},"modified":"2016-09-13T21:33:29","modified_gmt":"2016-09-13T19:33:29","slug":"das-birkenblatt-tageszeitung-am-mittwoch14-09-2016","status":"publish","type":"post","link":"https:\/\/www.ruegen-birkenhof.de\/?p=2497","title":{"rendered":"Das Birkenblatt Tageszeitung am Mittwoch14.09.2016"},"content":{"rendered":"<p><strong><em>Guten Morgen Liebe G\u00e4ste !<\/em><\/strong><\/p>\n<p><strong><em>\u00a0\u00a0 Mittwoch, den 14.09.2016<\/em><\/strong><\/p>\n<p><em>Heute ist es wieder den ganzen Tag sonnig. Die \u00a0Sonnenscheindauer betr\u00e4gt ca. 12 Stunden. Die Temperatur liegt bei 23 Grad. Der Wind weht m\u00e4\u00dfig aus \u00f6stlicher Richtung mit 18 km\/h und in B\u00f6en mit 30 km\/h. Es besteht ein Regenrisiko von 10 %.<\/em><\/p>\n<p><em>\u00a0\u00a0\u00a0\u00a0\u00a0\u00a0 \u00a0\u00a0\u00a0\u00a0\u00a0\u00a0<\/em>Do.21\u00b0C\u00a0\u00a0\u00a0\u00a0\u00a0\u00a0\u00a0 \u00a0\u00a0\u00a0\u00a0\u00a0\u00a0\u00a0\u00a0\u00a0 \u00a0\u00a0Fr. 21<em>\u00b0 <\/em>C\u00a0\u00a0\u00a0\u00a0\u00a0\u00a0\u00a0\u00a0 \u00a0 \u00a0\u00a0\u00a0\u00a0\u00a0\u00a0\u00a0\u00a0Sa. 19\u00b0 C<\/p>\n<p>********************************************************<\/p>\n<p><em>\u00a0 <u>Spruch des Tages :<\/u><\/em><\/p>\n<p><em>Die Liebe zu kennen, ist der sch\u00f6nste Moment auf der Welt.<\/em><\/p>\n<p><em>Die Liebe zu leben, ein Genuss.<\/em><\/p>\n<p><em>Die Liebe zu halten, eine Aufgabe f\u00fcrs Leben.<\/em><\/p>\n<p>********************************************************<\/p>\n<p><em><u>Als Tagesgetr\u00e4nk servieren wir heute :<\/u><\/em><\/p>\n<p><em>Aperol-Spritz 4,50 Euro<\/em><\/p>\n<p><em>Aperol, Prosecco, Wasser<\/em><\/p>\n<p><em>\u00a0********************************************************<\/em><\/p>\n<p><em><u>Unseren Halbpensionsg\u00e4sten bieten wir heute:<\/u><\/em><\/p>\n<p><em>Gefl\u00fcgelbr\u00fche mit Einlage<\/em><\/p>\n<p><em>\u00a0 \u00a0 ***<\/em><\/p>\n<p><em>Zanderfilet in Butter gebraten und angerichtet auf einem Gem\u00fcse-Kartoffelstampf dazu eine feine Schaumsauce<\/em><em>\u00a0<\/em><\/p>\n<p><em><u>oder<\/u><\/em><\/p>\n<p><em>Geschmorter Schweinebraten mit einem Kohlrabigem\u00fcse dazu Salzkartoffeln<\/em><\/p>\n<p><em>\u00a0***<\/em><\/p>\n<p><em>Mouse au chocolate<\/em><\/p>\n<p><em>*******************************************************<\/em><\/p>\n<p><strong><em>Wir w\u00fcnschen Ihnen einen sch\u00f6nen Tag und den abreisenden G\u00e4sten eine Gute Heimfahrt!<\/em><\/strong><\/p>\n<p><strong><em>\u00a0\u00a0\u00a0\u00a0\u00a0 Ihre Familie Schulze und Team<\/em><\/strong><\/p>\n","protected":false},"excerpt":{"rendered":"<p>Guten Morgen Liebe G\u00e4ste ! \u00a0\u00a0 Mittwoch, den 14.09.2016 Heute ist es wieder den ganzen Tag sonnig. Die \u00a0Sonnenscheindauer betr\u00e4gt ca. 12 Stunden. Die Temperatur liegt bei 23 Grad. Der Wind weht m\u00e4\u00dfig aus \u00f6stlicher Richtung mit 18 km\/h und<\/p>\n","protected":false},"author":4,"featured_media":0,"comment_status":"open","ping_status":"open","sticky":false,"template":"","format":"standard","meta":{"ngg_post_thumbnail":0,"footnotes":""},"categories":[1],"tags":[],"_links":{"self":[{"href":"https:\/\/www.ruegen-birkenhof.de\/index.php?rest_route=\/wp\/v2\/posts\/2497"}],"collection":[{"href":"https:\/\/www.ruegen-birkenhof.de\/index.php?rest_route=\/wp\/v2\/posts"}],"about":[{"href":"https:\/\/www.ruegen-birkenhof.de\/index.php?rest_route=\/wp\/v2\/types\/post"}],"author":[{"embeddable":true,"href":"https:\/\/www.ruegen-birkenhof.de\/index.php?rest_route=\/wp\/v2\/users\/4"}],"replies":[{"embeddable":true,"href":"https:\/\/www.ruegen-birkenhof.de\/index.php?rest_route=%2Fwp%2Fv2%2Fcomments&post=2497"}],"version-history":[{"count":0,"href":"https:\/\/www.ruegen-birkenhof.de\/index.php?rest_route=\/wp\/v2\/posts\/2497\/revisions"}],"wp:attachment":[{"href":"https:\/\/www.ruegen-birkenhof.de\/index.php?rest_route=%2Fwp%2Fv2%2Fmedia&parent=2497"}],"wp:term":[{"taxonomy":"category","embeddable":true,"href":"https:\/\/www.ruegen-birkenhof.de\/index.php?rest_route=%2Fwp%2Fv2%2Fcategories&post=2497"},{"taxonomy":"post_tag","embeddable":true,"href":"https:\/\/www.ruegen-birkenhof.de\/index.php?rest_route=%2Fwp%2Fv2%2Ftags&post=2497"}],"curies":[{"name":"wp","href":"https:\/\/api.w.org\/{rel}","templated":true}]}}