{"id":2504,"date":"2016-09-16T21:53:41","date_gmt":"2016-09-16T19:53:41","guid":{"rendered":"http:\/\/www.ruegen-birkenhof.de\/?p=2504"},"modified":"2016-09-16T21:53:41","modified_gmt":"2016-09-16T19:53:41","slug":"das-birkenblatt-tageszeitung-samstag-17-09-2016","status":"publish","type":"post","link":"https:\/\/www.ruegen-birkenhof.de\/?p=2504","title":{"rendered":"Das Birkenblatt Tageszeitung Samstag 17.09.2016"},"content":{"rendered":"<p><strong><em>Guten Morgen Liebe G\u00e4ste !<\/em><\/strong><\/p>\n<p><strong><em>Samstag, den 17.09.2016<\/em><\/strong><\/p>\n<p><em>Heute ist es wechselnd bew\u00f6lkt. Die \u00a0Sonnenscheindauer betr\u00e4gt ca. 5 Stunden. Die Temperatur liegt bei 21 Grad. Der Wind weht kr\u00e4ftig aus nord\u00f6stlicher Richtung mit 31 km\/h und in B\u00f6en stark mit 60 km\/h. Es besteht ein Regenrisiko von 10 %.<\/em><\/p>\n<p><em>\u00a0\u00a0\u00a0\u00a0\u00a0\u00a0 \u00a0\u00a0\u00a0\u00a0\u00a0\u00a0<\/em>So. 17\u00b0C\u00a0\u00a0\u00a0\u00a0\u00a0\u00a0\u00a0 \u00a0\u00a0\u00a0\u00a0\u00a0\u00a0\u00a0\u00a0\u00a0 Mo. 17<em>\u00b0 <\/em>C\u00a0\u00a0\u00a0\u00a0\u00a0\u00a0\u00a0\u00a0 \u00a0 \u00a0\u00a0\u00a0Die. 16\u00b0 C<\/p>\n<p>********************************************************<\/p>\n<p><em>\u00a0 <u>Spruch des Tages :<\/u><\/em><\/p>\n<p><em>Die besten und sch\u00f6nsten Dinge auf der Welt kann man weder sehen noch h\u00f6ren. Man muss sie mit dem Herzen<\/em> <em>f\u00fchlen.<\/em><\/p>\n<p>********************************************************<\/p>\n<p><em><u>Als Tagesgetr\u00e4nk servieren wir heute :<\/u><\/em><\/p>\n<p><em>Caipirinha 4,50 Euro<\/em><\/p>\n<p><em>\u00a0Limetten, Pitu, Rohrzucker, Wasser<\/em><\/p>\n<p><em>********************************************************\u00a0\u00a0\u00a0\u00a0\u00a0\u00a0 <\/em><\/p>\n<p><em><u>Unseren Halbpensionsg\u00e4sten bieten wir heute:<\/u><\/em><\/p>\n<p><em>Kleiner bunter Salat<\/em><\/p>\n<p><em>\u00a0\u00a0\u00a0\u00a0 ***<\/em><\/p>\n<p><em>Zarte Matjesfilets dazu unsere hauseigene Remoulade sowie Bratkartoffeln<\/em><\/p>\n<p><em><u>oder<\/u><\/em><\/p>\n<p><em>geschmorte Ochsenb\u00e4ckchen angerichtet auf einem Kartoffelstampf dazu eine kr\u00e4ftige Rotweinj\u00f9s<\/em><\/p>\n<p><em>\u00a0***<\/em><\/p>\n<p><em>Bananensplitt<\/em><\/p>\n<p><em>*******************************************************<\/em><\/p>\n<p><strong><em>Wir w\u00fcnschen Ihnen einen sch\u00f6nen Tag und den abreisenden G\u00e4sten eine Gute Heimfahrt!<\/em><\/strong><\/p>\n<p><strong><em>\u00a0\u00a0\u00a0\u00a0\u00a0 Ihre Familie Schulze und Team<\/em><\/strong><\/p>\n","protected":false},"excerpt":{"rendered":"<p>Guten Morgen Liebe G\u00e4ste ! Samstag, den 17.09.2016 Heute ist es wechselnd bew\u00f6lkt. Die \u00a0Sonnenscheindauer betr\u00e4gt ca. 5 Stunden. Die Temperatur liegt bei 21 Grad. Der Wind weht kr\u00e4ftig aus nord\u00f6stlicher Richtung mit 31 km\/h und in B\u00f6en stark mit<\/p>\n","protected":false},"author":4,"featured_media":0,"comment_status":"open","ping_status":"open","sticky":false,"template":"","format":"standard","meta":{"ngg_post_thumbnail":0,"footnotes":""},"categories":[1],"tags":[],"_links":{"self":[{"href":"https:\/\/www.ruegen-birkenhof.de\/index.php?rest_route=\/wp\/v2\/posts\/2504"}],"collection":[{"href":"https:\/\/www.ruegen-birkenhof.de\/index.php?rest_route=\/wp\/v2\/posts"}],"about":[{"href":"https:\/\/www.ruegen-birkenhof.de\/index.php?rest_route=\/wp\/v2\/types\/post"}],"author":[{"embeddable":true,"href":"https:\/\/www.ruegen-birkenhof.de\/index.php?rest_route=\/wp\/v2\/users\/4"}],"replies":[{"embeddable":true,"href":"https:\/\/www.ruegen-birkenhof.de\/index.php?rest_route=%2Fwp%2Fv2%2Fcomments&post=2504"}],"version-history":[{"count":0,"href":"https:\/\/www.ruegen-birkenhof.de\/index.php?rest_route=\/wp\/v2\/posts\/2504\/revisions"}],"wp:attachment":[{"href":"https:\/\/www.ruegen-birkenhof.de\/index.php?rest_route=%2Fwp%2Fv2%2Fmedia&parent=2504"}],"wp:term":[{"taxonomy":"category","embeddable":true,"href":"https:\/\/www.ruegen-birkenhof.de\/index.php?rest_route=%2Fwp%2Fv2%2Fcategories&post=2504"},{"taxonomy":"post_tag","embeddable":true,"href":"https:\/\/www.ruegen-birkenhof.de\/index.php?rest_route=%2Fwp%2Fv2%2Ftags&post=2504"}],"curies":[{"name":"wp","href":"https:\/\/api.w.org\/{rel}","templated":true}]}}