{"id":2711,"date":"2017-05-23T22:35:12","date_gmt":"2017-05-23T20:35:12","guid":{"rendered":"http:\/\/www.ruegen-birkenhof.de\/?p=2711"},"modified":"2019-05-02T21:35:59","modified_gmt":"2019-05-02T19:35:59","slug":"tageszeitung-birkenblatt","status":"publish","type":"post","link":"https:\/\/www.ruegen-birkenhof.de\/?p=2711","title":{"rendered":"Tageszeitung &#8222;Birkenblatt&#8220;"},"content":{"rendered":"<p><strong><em>Guten Morgen Liebe G\u00e4ste !<\/em><\/strong><\/p>\n<p><strong><em>&nbsp;<\/em><\/strong><strong><em><u>Freitag, den 03.05.2019<\/u><\/em><\/strong><\/p>\n<p><strong><em>&nbsp;<\/em><\/strong>Heute ist wechselnd bew\u00f6lkt mit l\u00e4ngeren sonnigen Abschnitten. Aber auch kurze Schauer sind m\u00f6glich. Die Sonnenscheindauer betr\u00e4gt ca. 9 Stunden. Die Temperatur liegt bei 9 Grad. Der Wind weht kr\u00e4ftig aus westlicher Richtung mit 30 km\/h &nbsp;und in B\u00f6en stark mit 60 km\/h. Die Regenwahrscheinlichkeit liegt bei 60%<\/p>\n<p>Sa. 10\u00b0C&nbsp;&nbsp;&nbsp;&nbsp;&nbsp;&nbsp;&nbsp;&nbsp;&nbsp;&nbsp;&nbsp;&nbsp;&nbsp;&nbsp;&nbsp;&nbsp; &nbsp;&nbsp;&nbsp;&nbsp;&nbsp;&nbsp;So. 11\u00b0C&nbsp;&nbsp;&nbsp;&nbsp;&nbsp;&nbsp;&nbsp;&nbsp;&nbsp;&nbsp;&nbsp;&nbsp;&nbsp;&nbsp;&nbsp;&nbsp;&nbsp;&nbsp; &nbsp;&nbsp;&nbsp;&nbsp;Mo. 10\u00b0C<strong>&nbsp;<\/strong><\/p>\n<p>********************************************************<\/p>\n<p><strong><em><u>Spruch des Tages :<\/u><\/em><\/strong><\/p>\n<p><em>Tr\u00e4ume und W\u00fcnsche m\u00fcssen manchmal sterben wie Blumen im Winter. Aber ihre Samen \u00fcberleben in der Erde bis zum n\u00e4chsten Fr\u00fchling.<\/em><\/p>\n<p><strong><u>Ausflugsstipp:<\/u><\/strong><\/p>\n<h3>Fotoausstellung &#8222;15 Jahre Nationalpark-Zentrum &#8211; 15 Lieblingsmomente&#8220;<\/h3>\n<p>Jedes Jahr sind nahezu 300.000 Besucher zu Gast im Nationalpark-Zentrum K\u00d6NIGSSTUHL und haben wundersch\u00f6ne Impressionen der Landschaft und Szenerie eingefangen. \u00dcber die Jahre sind viele Erinnerungsmomente festgehalten worden, welche das Besucherzentrum nun mit dieser Sonderausstellung in den Fokus r\u00fcckt.<\/p>\n<p>Sassnitz Nationalpark-Zentrum K\u00d6NIGSSTUHL, Kreidesaal (2. OG)<\/p>\n<p>&nbsp;&nbsp;&nbsp;&nbsp;&nbsp;&nbsp;&nbsp;&nbsp;&nbsp;&nbsp;&nbsp;&nbsp;&nbsp;&nbsp;&nbsp;&nbsp;&nbsp;&nbsp;&nbsp;&nbsp;&nbsp;&nbsp;&nbsp;&nbsp;&nbsp;&nbsp;&nbsp;&nbsp;&nbsp;&nbsp;&nbsp;&nbsp;&nbsp;&nbsp; &nbsp;&nbsp;&nbsp;&nbsp;&nbsp; T\u00e4glich ab 9 Uhr<\/p>\n<p>&nbsp;<\/p>\n<h3>Historische Ortsf\u00fchrung<\/h3>\n<p>Alles \u00fcber das Leben und den Ort vor 100 Jahren in Baabe.<\/p>\n<p>Preis<strong>:<\/strong><strong>&nbsp;<\/strong>Mit Kurkarte kostenfrei, ohne 3,00 \u20ac<\/p>\n<p>Treff: Baabe Haus des Gastes 16 Uhr<\/p>\n<p>********************************************************<\/p>\n<p>Wir w\u00fcnschen Ihnen einen sch\u00f6nen Tag und den abreisenden G\u00e4sten eine gute Heimfahrt!<\/p>\n<p>Ihre Familie Schulze und Team<\/p>\n","protected":false},"excerpt":{"rendered":"<p>Guten Morgen Liebe G\u00e4ste ! &nbsp;Freitag, den 03.05.2019 &nbsp;Heute ist wechselnd bew\u00f6lkt mit l\u00e4ngeren sonnigen Abschnitten. Aber auch kurze Schauer sind m\u00f6glich. Die Sonnenscheindauer betr\u00e4gt ca. 9 Stunden. Die Temperatur liegt bei 9 Grad. Der Wind weht kr\u00e4ftig aus westlicher<\/p>\n","protected":false},"author":4,"featured_media":0,"comment_status":"open","ping_status":"open","sticky":false,"template":"","format":"standard","meta":{"ngg_post_thumbnail":0,"footnotes":""},"categories":[1],"tags":[],"_links":{"self":[{"href":"https:\/\/www.ruegen-birkenhof.de\/index.php?rest_route=\/wp\/v2\/posts\/2711"}],"collection":[{"href":"https:\/\/www.ruegen-birkenhof.de\/index.php?rest_route=\/wp\/v2\/posts"}],"about":[{"href":"https:\/\/www.ruegen-birkenhof.de\/index.php?rest_route=\/wp\/v2\/types\/post"}],"author":[{"embeddable":true,"href":"https:\/\/www.ruegen-birkenhof.de\/index.php?rest_route=\/wp\/v2\/users\/4"}],"replies":[{"embeddable":true,"href":"https:\/\/www.ruegen-birkenhof.de\/index.php?rest_route=%2Fwp%2Fv2%2Fcomments&post=2711"}],"version-history":[{"count":3,"href":"https:\/\/www.ruegen-birkenhof.de\/index.php?rest_route=\/wp\/v2\/posts\/2711\/revisions"}],"predecessor-version":[{"id":3050,"href":"https:\/\/www.ruegen-birkenhof.de\/index.php?rest_route=\/wp\/v2\/posts\/2711\/revisions\/3050"}],"wp:attachment":[{"href":"https:\/\/www.ruegen-birkenhof.de\/index.php?rest_route=%2Fwp%2Fv2%2Fmedia&parent=2711"}],"wp:term":[{"taxonomy":"category","embeddable":true,"href":"https:\/\/www.ruegen-birkenhof.de\/index.php?rest_route=%2Fwp%2Fv2%2Fcategories&post=2711"},{"taxonomy":"post_tag","embeddable":true,"href":"https:\/\/www.ruegen-birkenhof.de\/index.php?rest_route=%2Fwp%2Fv2%2Ftags&post=2711"}],"curies":[{"name":"wp","href":"https:\/\/api.w.org\/{rel}","templated":true}]}}