{"id":3129,"date":"2022-08-09T17:53:53","date_gmt":"2022-08-09T15:53:53","guid":{"rendered":"https:\/\/www.ruegen-birkenhof.de\/?p=3129"},"modified":"2022-08-09T17:54:17","modified_gmt":"2022-08-09T15:54:17","slug":"das-birkenhof-blatt","status":"publish","type":"post","link":"https:\/\/www.ruegen-birkenhof.de\/?p=3129","title":{"rendered":"Das Birken(hof) &#8222;blatt&#8220;"},"content":{"rendered":"<h1 style=\"text-align: center;\"><strong><em>&nbsp; &nbsp; &nbsp; Guten Morgen Liebe G\u00e4ste!<\/em><\/strong><strong><em>&nbsp;<\/em><\/strong><\/h1>\n<h2 style=\"text-align: center;\"><strong><em>&nbsp;&nbsp;&nbsp;&nbsp;&nbsp;&nbsp; <\/em><\/strong><strong><em><u>Mittwoch, den 10.08.2022<\/u><\/em><\/strong><\/h2>\n<p style=\"text-align: center;\"><em>Auch Heute wird es wieder sch\u00f6n sonnig mit Temperaturen bis zu 23\u00b0C. Wir haben eine Sonnenscheindauer von ca. 14 Stunden. Der Wind weht m\u00e4\u00dfig aus \u00f6stlicher Richtung mit 15 km\/h. Die Regenwahrscheinlichkeit liegt bei 20 %.<\/em><\/p>\n<p style=\"text-align: center;\"><em>&nbsp;<\/em><em>&nbsp;<\/em><img loading=\"lazy\" decoding=\"async\" class=\"wp-image-3131 aligncenter\" style=\"text-align: center;\" src=\"https:\/\/www.ruegen-birkenhof.de\/wp\/wp-content\/uploads\/2022\/08\/sonne-300x295.jpg\" alt=\"\" width=\"103\" height=\"102\" srcset=\"https:\/\/www.ruegen-birkenhof.de\/wp\/wp-content\/uploads\/2022\/08\/sonne-300x295.jpg 300w, https:\/\/www.ruegen-birkenhof.de\/wp\/wp-content\/uploads\/2022\/08\/sonne-150x150.jpg 150w, https:\/\/www.ruegen-birkenhof.de\/wp\/wp-content\/uploads\/2022\/08\/sonne-270x270.jpg 270w, https:\/\/www.ruegen-birkenhof.de\/wp\/wp-content\/uploads\/2022\/08\/sonne.jpg 679w\" sizes=\"(max-width: 103px) 100vw, 103px\" \/><em>&nbsp; &nbsp; &nbsp; &nbsp; &nbsp;<\/em> &nbsp;&nbsp; &nbsp;&nbsp;&nbsp;&nbsp;&nbsp;&nbsp;&nbsp;&nbsp;&nbsp;&nbsp;&nbsp;&nbsp; &nbsp;&nbsp;&nbsp;&nbsp;&nbsp;&nbsp;&nbsp;&nbsp;&nbsp;&nbsp;&nbsp; &nbsp;&nbsp;&nbsp;&nbsp;&nbsp;&nbsp;&nbsp;&nbsp;&nbsp;&nbsp;&nbsp;&nbsp;&nbsp;&nbsp;&nbsp;&nbsp;&nbsp;&nbsp;&nbsp;&nbsp; &nbsp;<strong>&nbsp;<\/strong><\/p>\n<p style=\"text-align: center;\">*******************************************************<\/p>\n<h3 style=\"text-align: center;\"><strong><em>&nbsp; &nbsp; &nbsp; &nbsp;<u>Spruch des Tages<\/u><\/em><\/strong><\/h3>\n<p style=\"text-align: center;\"><em>&nbsp;<\/em><\/p>\n<p style=\"text-align: center;\">&nbsp; &nbsp; &nbsp; &nbsp;Glaube an Wunder, Liebe und Gl\u00fcck.<\/p>\n<p style=\"text-align: center;\">&nbsp; &nbsp; &nbsp; &nbsp;Schaue nach vorne und nicht zur\u00fcck.<\/p>\n<p style=\"text-align: center;\">&nbsp; &nbsp; &nbsp; Lebe dein Leben und stehe dazu,<\/p>\n<p style=\"text-align: center;\">&nbsp; &nbsp; &nbsp; denn dieses Leben, das lebst nur du!<\/p>\n<p>&nbsp;<\/p>\n<h3 style=\"text-align: center;\"><strong><em><u>Veranstaltungstipp:<\/u><\/em><\/strong><\/h3>\n<p style=\"text-align: center;\"><strong>&nbsp;<\/strong><\/p>\n<p style=\"text-align: center;\"><strong>F\u00fchrung \u201eAltes Waldwissen\u201c<\/strong><\/p>\n<p style=\"text-align: center;\">&nbsp;<\/p>\n<p style=\"text-align: center;\">Auf dieser F\u00fchrung wird auf einem Waldspaziergang in die Baaber Heide anschaulich gezeigt, wie vielf\u00e4ltig wir Naturdinge f\u00fcr die Ern\u00e4hrung, die Gesundheit und den Haushalt nutzen k\u00f6nnen.<\/p>\n<p style=\"text-align: center;\">Teilnahme-Voraussetzungen: gute Gehf\u00e4higkeit (es geht bergauf und bergab), Dauer ca. 2h<\/p>\n<p style=\"text-align: center;\">Teilnahme mit Kurkarte kostenfrei, ohne 3,- \u20ac<\/p>\n<p style=\"text-align: center;\">Haus des Gastes Baabe, Um 11Uhr<\/p>\n<p style=\"text-align: center;\">&nbsp;<\/p>\n<p style=\"text-align: center;\">**************************************************<\/p>\n<p style=\"text-align: center;\"><strong>Richard K.<\/strong><\/p>\n<p style=\"text-align: center;\"><strong><em>Live-Musik mit Stil!<\/em><\/strong><\/p>\n<p style=\"text-align: center;\">Live &amp; Unplugged spielt er mit Gitarre, Mundharmonika und Gesang Hits der 60er und 70er Jahre, Deutsche Welle und Cover Songs.<\/p>\n<p style=\"text-align: center;\">Auch die ein oder andere Eigenkomposition h\u00e4lt Richard Kerschbaumer in seinem Repertoire f\u00fcr Sie bereit.<\/p>\n<p style=\"text-align: center;\">Ab 20Uhr Kurb\u00fchne Baabe<\/p>\n<p style=\"text-align: center;\">&nbsp;<\/p>\n<p style=\"text-align: center;\">&nbsp;&nbsp; **************************************************<\/p>\n<p style=\"text-align: center;\"><em>Wir w\u00fcnschen Ihnen einen<\/em> <em>sch\u00f6nen Tag und den abreisenden G\u00e4sten eine gute Heimfahrt<\/em><\/p>\n<p style=\"text-align: center;\"><em>Ihre Familie Schulze und Team<\/em><\/p>\n","protected":false},"excerpt":{"rendered":"<p>&nbsp; &nbsp; &nbsp; Guten Morgen Liebe G\u00e4ste!&nbsp; &nbsp;&nbsp;&nbsp;&nbsp;&nbsp;&nbsp; Mittwoch, den 10.08.2022 Auch Heute wird es wieder sch\u00f6n sonnig mit Temperaturen bis zu 23\u00b0C. Wir haben eine Sonnenscheindauer von ca. 14 Stunden. Der Wind weht m\u00e4\u00dfig aus \u00f6stlicher Richtung mit 15<\/p>\n","protected":false},"author":4,"featured_media":0,"comment_status":"closed","ping_status":"open","sticky":false,"template":"","format":"standard","meta":{"ngg_post_thumbnail":0,"footnotes":""},"categories":[1],"tags":[],"_links":{"self":[{"href":"https:\/\/www.ruegen-birkenhof.de\/index.php?rest_route=\/wp\/v2\/posts\/3129"}],"collection":[{"href":"https:\/\/www.ruegen-birkenhof.de\/index.php?rest_route=\/wp\/v2\/posts"}],"about":[{"href":"https:\/\/www.ruegen-birkenhof.de\/index.php?rest_route=\/wp\/v2\/types\/post"}],"author":[{"embeddable":true,"href":"https:\/\/www.ruegen-birkenhof.de\/index.php?rest_route=\/wp\/v2\/users\/4"}],"replies":[{"embeddable":true,"href":"https:\/\/www.ruegen-birkenhof.de\/index.php?rest_route=%2Fwp%2Fv2%2Fcomments&post=3129"}],"version-history":[{"count":2,"href":"https:\/\/www.ruegen-birkenhof.de\/index.php?rest_route=\/wp\/v2\/posts\/3129\/revisions"}],"predecessor-version":[{"id":3133,"href":"https:\/\/www.ruegen-birkenhof.de\/index.php?rest_route=\/wp\/v2\/posts\/3129\/revisions\/3133"}],"wp:attachment":[{"href":"https:\/\/www.ruegen-birkenhof.de\/index.php?rest_route=%2Fwp%2Fv2%2Fmedia&parent=3129"}],"wp:term":[{"taxonomy":"category","embeddable":true,"href":"https:\/\/www.ruegen-birkenhof.de\/index.php?rest_route=%2Fwp%2Fv2%2Fcategories&post=3129"},{"taxonomy":"post_tag","embeddable":true,"href":"https:\/\/www.ruegen-birkenhof.de\/index.php?rest_route=%2Fwp%2Fv2%2Ftags&post=3129"}],"curies":[{"name":"wp","href":"https:\/\/api.w.org\/{rel}","templated":true}]}}